{"id":3276,"date":"2026-02-11T15:22:05","date_gmt":"2026-02-11T13:22:05","guid":{"rendered":"https:\/\/bledniak-avocat.com\/?p=3276"},"modified":"2026-02-11T15:27:14","modified_gmt":"2026-02-11T13:27:14","slug":"mitarbeiter-kundigt-streik-an","status":"publish","type":"post","link":"https:\/\/bledniak-avocat.com\/de\/mitarbeiter-kundigt-streik-an\/","title":{"rendered":"Mitarbeiter k\u00fcndigt Streik an:"},"content":{"rendered":"\n<hr class=\"wp-block-separator\"\/>\n\n\n\n<h1><\/h1>\n\n\n\n<h2>Was darf \u2013 und was darf nicht \u2013 ein ausl\u00e4ndischer Arbeitgeber in Frankreich?<\/h2>\n\n\n\n<p>Das <strong>Streikrecht (droit de gr\u00e8ve)<\/strong> besitzt in Frankreich einen besonders hohen Stellenwert. Es ist verfassungsrechtlich gesch\u00fctzt und durch eine umfangreiche Rechtsprechung konkretisiert. F\u00fcr viele Franz\u00f6sinnen und Franzosen ist es vergleichbar mit der Meinungsfreiheit: ein fundamentales Recht.<\/p>\n\n\n\n<p>F\u00fcr ausl\u00e4ndische Unternehmen mit Besch\u00e4ftigten in Frankreich geh\u00f6rt dieses Thema zu den h\u00e4ufigsten \u00dcberraschungen. Die kulturelle und rechtliche Bedeutung eines Streiks wird h\u00e4ufig untersch\u00e4tzt \u2013 mit potenziell erheblichen Folgen: arbeitsgerichtliche Klagen, kollektive Konflikte oder sogar die Unwirksamkeit einer K\u00fcndigung.<\/p>\n\n\n\n<hr class=\"wp-block-separator\"\/>\n\n\n\n<h2>Streik in Frankreich: Ein anderes Verst\u00e4ndnis<\/h2>\n\n\n\n<p>In Frankreich wird ein Streik nicht prim\u00e4r als Angriff auf das Unternehmen verstanden, sondern als legitimes Mittel des sozialen Dialogs.<\/p>\n\n\n\n<p>Ein Streik ist:<\/p>\n\n\n\n<ul><li>ein zul\u00e4ssiges Druckmittel,<\/li><li>Ausdruck kollektiver beruflicher Interessen,<\/li><li>integraler Bestandteil eines Systems, das stark durch Tarifvertr\u00e4ge (conventions collectives) und gewerkschaftliche Strukturen gepr\u00e4gt ist.<\/li><\/ul>\n\n\n\n<p>Gerade Arbeitgeber aus L\u00e4ndern mit geringerer Streiktradition reagieren h\u00e4ufig emotional. Typische spontane Reaktionen wie:<\/p>\n\n\n\n<ul><li>\u201eDas ist illoyal.\u201c<\/li><li>\u201eDann k\u00fcndigen wir eben.\u201c<\/li><\/ul>\n\n\n\n<p>k\u00f6nnen jedoch gravierende rechtliche Konsequenzen nach sich ziehen.<\/p>\n\n\n\n<hr class=\"wp-block-separator\"\/>\n\n\n\n<h2>Was darf der Arbeitgeber \u2013 und was nicht?<\/h2>\n\n\n\n<h3>1. Neutralit\u00e4t ist zwingend<\/h3>\n\n\n\n<p>Die Teilnahme an einem rechtm\u00e4\u00dfigen Streik darf keine Sanktionen nach sich ziehen.<\/p>\n\n\n\n<p>Druck, Drohungen oder Benachteiligungen k\u00f6nnen als Diskriminierung gewertet werden. Eine K\u00fcndigung im Zusammenhang mit der Aus\u00fcbung des Streikrechts wird von franz\u00f6sischen Arbeitsgerichten besonders streng gepr\u00fcft \u2013 und ist h\u00e4ufig unwirksam.<\/p>\n\n\n\n<hr class=\"wp-block-separator\"\/>\n\n\n\n<h3>2. Dialog statt Eskalation<\/h3>\n\n\n\n<p>Die franz\u00f6sische Arbeitskultur basiert stark auf Konsultation und formellem Austausch.<\/p>\n\n\n\n<p>In einem gewerkschaftlich gepr\u00e4gten Umfeld wird fehlende Kommunikation schnell als Pflichtverletzung des Arbeitgebers interpretiert. Ein sachlicher und strukturierter Dialog reduziert Eskalationsrisiken erheblich.<\/p>\n\n\n\n<hr class=\"wp-block-separator\"\/>\n\n\n\n<h3>3. Rechtm\u00e4\u00dfigkeit pr\u00fcfen<\/h3>\n\n\n\n<p>Nicht jede Arbeitsverweigerung ist automatisch ein Streik.<\/p>\n\n\n\n<p>Ein rechtm\u00e4\u00dfiger Streik setzt insbesondere voraus:<\/p>\n\n\n\n<ul><li>ein gemeinsames berufliches Interesse,<\/li><li>eine kollektive Dimension,<\/li><li>keine rein individuelle Motivation.<\/li><\/ul>\n\n\n\n<p>Fehlen diese Voraussetzungen, kann unter Umst\u00e4nden eine disziplinarische Bewertung in Betracht kommen.<\/p>\n\n\n\n<p>Dabei sind insbesondere zu pr\u00fcfen:<\/p>\n\n\n\n<ul><li>die konkrete Arbeitszeitregelung,<\/li><li>die Einhaltung der im Tarifvertrag festgelegten Organisationsregeln,<\/li><li>die tats\u00e4chliche Einordnung des Verhaltens.<\/li><\/ul>\n\n\n\n<p>Eine pr\u00e4zise rechtliche Qualifikation ist entscheidend, um Verfahrensfehler zu vermeiden.<\/p>\n\n\n\n<hr class=\"wp-block-separator\"\/>\n\n\n\n<h2>Praktische Empfehlung f\u00fcr Unternehmen<\/h2>\n\n\n\n<p>Unternehmen mit Niederlassungen oder Mitarbeitenden in Frankreich sollten eine interne Krisenprozedur f\u00fcr Streiks etablieren.<\/p>\n\n\n\n<p>Diese sollte insbesondere regeln:<\/p>\n\n\n\n<ul><li>Kommunikationsstrategie<\/li><li>Zust\u00e4ndigkeiten<\/li><li>rechtliche Vorpr\u00fcfung<\/li><li>Dokumentation<\/li><li>Verhalten von F\u00fchrungskr\u00e4ften<\/li><\/ul>\n\n\n\n<p>Spontane, emotionale Entscheidungen sind im franz\u00f6sischen Arbeitsrecht regelm\u00e4\u00dfig risikobehaftet.<\/p>\n\n\n\n<hr class=\"wp-block-separator\"\/>\n\n\n\n<h2>Fazit<\/h2>\n\n\n\n<p>Das franz\u00f6sische Arbeitsrecht ist anspruchsvoll, aber berechenbar. Wer das Zusammenspiel aus verfassungsrechtlichem Streikschutz, Tarifvertr\u00e4gen und sozialem Dialog versteht, kann Risiken deutlich reduzieren.<\/p>\n\n\n\n<p>F\u00fcr ausl\u00e4ndische Arbeitgeber gilt:<br>Nicht der Streik selbst ist das gr\u00f6\u00dfte Risiko \u2013 sondern eine falsche Reaktion darauf.<\/p>\n","protected":false},"excerpt":{"rendered":"<p>Was darf \u2013 und was darf nicht \u2013 ein ausl\u00e4ndischer Arbeitgeber in Frankreich? Das Streikrecht (droit de gr\u00e8ve) besitzt in Frankreich einen besonders hohen Stellenwert. Es ist verfassungsrechtlich gesch\u00fctzt und durch eine umfangreiche Rechtsprechung konkretisiert. F\u00fcr viele Franz\u00f6sinnen und Franzosen ist es vergleichbar mit der Meinungsfreiheit: ein fundamentales Recht. F\u00fcr ausl\u00e4ndische Unternehmen mit Besch\u00e4ftigten in [&hellip;]<\/p>\n","protected":false},"author":4,"featured_media":0,"comment_status":"closed","ping_status":"closed","sticky":true,"template":"","format":"standard","meta":{"_mi_skip_tracking":false},"categories":[20],"tags":[],"yoast_head":"<!-- This site is optimized with the Yoast SEO plugin v18.9 - https:\/\/yoast.com\/wordpress\/plugins\/seo\/ -->\n<title>Mitarbeiter k\u00fcndigt Streik an: - Bledniak Avocat<\/title>\n<meta name=\"robots\" content=\"index, follow, max-snippet:-1, max-image-preview:large, max-video-preview:-1\" \/>\n<link rel=\"canonical\" href=\"https:\/\/bledniak-avocat.com\/de\/mitarbeiter-kundigt-streik-an\/\" \/>\n<meta name=\"twitter:label1\" content=\"Verfasst von\" \/>\n\t<meta name=\"twitter:data1\" content=\"Marta Bledniak\" \/>\n\t<meta name=\"twitter:label2\" content=\"Gesch\u00e4tzte Lesezeit\" \/>\n\t<meta name=\"twitter:data2\" content=\"3\u00a0Minuten\" \/>\n<script type=\"application\/ld+json\" class=\"yoast-schema-graph\">{\"@context\":\"https:\/\/schema.org\",\"@graph\":[{\"@type\":\"WebSite\",\"@id\":\"https:\/\/bledniak-avocat.com\/pl\/#website\",\"url\":\"https:\/\/bledniak-avocat.com\/pl\/\",\"name\":\"Bledniak Avocat\",\"description\":\"\",\"potentialAction\":[{\"@type\":\"SearchAction\",\"target\":{\"@type\":\"EntryPoint\",\"urlTemplate\":\"https:\/\/bledniak-avocat.com\/pl\/?s={search_term_string}\"},\"query-input\":\"required name=search_term_string\"}],\"inLanguage\":\"de\"},{\"@type\":\"WebPage\",\"@id\":\"https:\/\/bledniak-avocat.com\/de\/mitarbeiter-kundigt-streik-an\/#webpage\",\"url\":\"https:\/\/bledniak-avocat.com\/de\/mitarbeiter-kundigt-streik-an\/\",\"name\":\"Mitarbeiter k\u00fcndigt Streik an: - Bledniak Avocat\",\"isPartOf\":{\"@id\":\"https:\/\/bledniak-avocat.com\/pl\/#website\"},\"datePublished\":\"2026-02-11T13:22:05+00:00\",\"dateModified\":\"2026-02-11T13:27:14+00:00\",\"author\":{\"@id\":\"https:\/\/bledniak-avocat.com\/pl\/#\/schema\/person\/5d60a6232a753959aa3f9227755b6990\"},\"breadcrumb\":{\"@id\":\"https:\/\/bledniak-avocat.com\/de\/mitarbeiter-kundigt-streik-an\/#breadcrumb\"},\"inLanguage\":\"de\",\"potentialAction\":[{\"@type\":\"ReadAction\",\"target\":[\"https:\/\/bledniak-avocat.com\/de\/mitarbeiter-kundigt-streik-an\/\"]}]},{\"@type\":\"BreadcrumbList\",\"@id\":\"https:\/\/bledniak-avocat.com\/de\/mitarbeiter-kundigt-streik-an\/#breadcrumb\",\"itemListElement\":[{\"@type\":\"ListItem\",\"position\":1,\"name\":\"Strona g\u0142\u00f3wna\",\"item\":\"https:\/\/bledniak-avocat.com\/de\/\"},{\"@type\":\"ListItem\",\"position\":2,\"name\":\"Mitarbeiter k\u00fcndigt Streik an:\"}]},{\"@type\":\"Person\",\"@id\":\"https:\/\/bledniak-avocat.com\/pl\/#\/schema\/person\/5d60a6232a753959aa3f9227755b6990\",\"name\":\"Marta Bledniak\",\"url\":\"https:\/\/bledniak-avocat.com\/de\/author\/marta-bledniak\/\"}]}<\/script>\n<!-- \/ Yoast SEO plugin. -->","yoast_head_json":{"title":"Mitarbeiter k\u00fcndigt Streik an: - Bledniak Avocat","robots":{"index":"index","follow":"follow","max-snippet":"max-snippet:-1","max-image-preview":"max-image-preview:large","max-video-preview":"max-video-preview:-1"},"canonical":"https:\/\/bledniak-avocat.com\/de\/mitarbeiter-kundigt-streik-an\/","twitter_misc":{"Verfasst von":"Marta Bledniak","Gesch\u00e4tzte Lesezeit":"3\u00a0Minuten"},"schema":{"@context":"https:\/\/schema.org","@graph":[{"@type":"WebSite","@id":"https:\/\/bledniak-avocat.com\/pl\/#website","url":"https:\/\/bledniak-avocat.com\/pl\/","name":"Bledniak Avocat","description":"","potentialAction":[{"@type":"SearchAction","target":{"@type":"EntryPoint","urlTemplate":"https:\/\/bledniak-avocat.com\/pl\/?s={search_term_string}"},"query-input":"required name=search_term_string"}],"inLanguage":"de"},{"@type":"WebPage","@id":"https:\/\/bledniak-avocat.com\/de\/mitarbeiter-kundigt-streik-an\/#webpage","url":"https:\/\/bledniak-avocat.com\/de\/mitarbeiter-kundigt-streik-an\/","name":"Mitarbeiter k\u00fcndigt Streik an: - Bledniak Avocat","isPartOf":{"@id":"https:\/\/bledniak-avocat.com\/pl\/#website"},"datePublished":"2026-02-11T13:22:05+00:00","dateModified":"2026-02-11T13:27:14+00:00","author":{"@id":"https:\/\/bledniak-avocat.com\/pl\/#\/schema\/person\/5d60a6232a753959aa3f9227755b6990"},"breadcrumb":{"@id":"https:\/\/bledniak-avocat.com\/de\/mitarbeiter-kundigt-streik-an\/#breadcrumb"},"inLanguage":"de","potentialAction":[{"@type":"ReadAction","target":["https:\/\/bledniak-avocat.com\/de\/mitarbeiter-kundigt-streik-an\/"]}]},{"@type":"BreadcrumbList","@id":"https:\/\/bledniak-avocat.com\/de\/mitarbeiter-kundigt-streik-an\/#breadcrumb","itemListElement":[{"@type":"ListItem","position":1,"name":"Strona g\u0142\u00f3wna","item":"https:\/\/bledniak-avocat.com\/de\/"},{"@type":"ListItem","position":2,"name":"Mitarbeiter k\u00fcndigt Streik an:"}]},{"@type":"Person","@id":"https:\/\/bledniak-avocat.com\/pl\/#\/schema\/person\/5d60a6232a753959aa3f9227755b6990","name":"Marta Bledniak","url":"https:\/\/bledniak-avocat.com\/de\/author\/marta-bledniak\/"}]}},"_links":{"self":[{"href":"https:\/\/bledniak-avocat.com\/de\/wp-json\/wp\/v2\/posts\/3276"}],"collection":[{"href":"https:\/\/bledniak-avocat.com\/de\/wp-json\/wp\/v2\/posts"}],"about":[{"href":"https:\/\/bledniak-avocat.com\/de\/wp-json\/wp\/v2\/types\/post"}],"author":[{"embeddable":true,"href":"https:\/\/bledniak-avocat.com\/de\/wp-json\/wp\/v2\/users\/4"}],"replies":[{"embeddable":true,"href":"https:\/\/bledniak-avocat.com\/de\/wp-json\/wp\/v2\/comments?post=3276"}],"version-history":[{"count":2,"href":"https:\/\/bledniak-avocat.com\/de\/wp-json\/wp\/v2\/posts\/3276\/revisions"}],"predecessor-version":[{"id":3278,"href":"https:\/\/bledniak-avocat.com\/de\/wp-json\/wp\/v2\/posts\/3276\/revisions\/3278"}],"wp:attachment":[{"href":"https:\/\/bledniak-avocat.com\/de\/wp-json\/wp\/v2\/media?parent=3276"}],"wp:term":[{"taxonomy":"category","embeddable":true,"href":"https:\/\/bledniak-avocat.com\/de\/wp-json\/wp\/v2\/categories?post=3276"},{"taxonomy":"post_tag","embeddable":true,"href":"https:\/\/bledniak-avocat.com\/de\/wp-json\/wp\/v2\/tags?post=3276"}],"curies":[{"name":"wp","href":"https:\/\/api.w.org\/{rel}","templated":true}]}}