{"id":3279,"date":"2026-02-11T15:38:44","date_gmt":"2026-02-11T13:38:44","guid":{"rendered":"https:\/\/bledniak-avocat.com\/?p=3279"},"modified":"2026-02-12T13:34:21","modified_gmt":"2026-02-12T11:34:21","slug":"recruiting-in-frankreich","status":"publish","type":"post","link":"https:\/\/bledniak-avocat.com\/de\/recruiting-in-frankreich\/","title":{"rendered":"Recruiting in Frankreich"},"content":{"rendered":"\n<p><strong>Die gr\u00f6\u00dften Fallstricke f\u00fcr ausl\u00e4ndische Arbeitgeber<\/strong><\/p>\n\n\n\n<p>Frankreich z\u00e4hlt zu den attraktivsten M\u00e4rkten Europas. Gleichzeitig ist das franz\u00f6sische Arbeitsrecht eines der formalistischsten und strukturiertesten Systeme innerhalb der EU.<\/p>\n\n\n\n<p>Viele ausl\u00e4ndische Unternehmen untersch\u00e4tzen bereits im Recruiting-Prozess zentrale Besonderheiten \u2013 mit erheblichen Folgen: Nachforderungen, arbeitsgerichtliche Verfahren oder sp\u00e4tere kostspielige K\u00fcndigungsstreitigkeiten.<\/p>\n\n\n\n<p>Drei Risikobereiche sind dabei besonders relevant:<br><strong>Tarifvertr\u00e4ge, Stellenklassifikation und Arbeitszeit.<\/strong><\/p>\n\n\n\n<hr class=\"wp-block-separator\"\/>\n\n\n\n<p><strong>1. Der Tarifvertrag \u2013 der franz\u00f6sische \u201eGame Changer\u201c<\/strong><\/p>\n\n\n\n<p>Im Gegensatz zu vielen anderen europ\u00e4ischen L\u00e4ndern sind Tarifvertr\u00e4ge (conventions collectives) in Frankreich:<\/p>\n\n\n\n<ul><li>keine freiwillige Erg\u00e4nzung,<\/li><li>zwingend anwendbar,<\/li><li>h\u00e4ufig normativ st\u00e4rker als der individuelle Arbeitsvertrag.<\/li><\/ul>\n\n\n\n<p>Das bedeutet konkret:<br>Zentrale Aspekte des Arbeitsverh\u00e4ltnisses sind nicht frei verhandelbar, sondern verbindlich vorgegeben, insbesondere:<\/p>\n\n\n\n<ul><li>Mindestverg\u00fctung je nach Einstufung,<\/li><li>Pr\u00e4mien und Zuschl\u00e4ge,<\/li><li>Pflichtfortbildungen,<\/li><li>K\u00fcndigungsfristen,<\/li><li>Probezeitregelungen,<\/li><li>Stellenklassifikation,<\/li><li>teilweise sogar Leistungsbewertungssysteme.<\/li><\/ul>\n\n\n\n<p>Eine fehlerhafte Zuordnung zur falschen Tarifgruppe kann r\u00fcckwirkende Gehaltsanspr\u00fcche ausl\u00f6sen.<\/p>\n\n\n\n<p>Besonders risikobehaftet ist die Verwechslung zwischen einem angestellten Vertriebsmitarbeiter und einem <strong>agent commercial<\/strong> (Handelsvertreter im Sinne des franz\u00f6sischen Handelsrechts).<\/p>\n\n\n\n<p>Wird eine Person tats\u00e4chlich als Handelsvertreter qualifiziert, kann bei Vertragsbeendigung ein Anspruch auf Entsch\u00e4digung entstehen, der \u00fcblicherweise dem Gegenwert von <strong>zwei Jahresprovisionen<\/strong> entspricht. Die finanziellen Auswirkungen sind erheblich.<\/p>\n\n\n\n<hr class=\"wp-block-separator\"\/>\n\n\n\n<p><strong>2. Kulturelle Unterschiede in der Kommunikation<\/strong><\/p>\n\n\n\n<p>Neben rechtlichen Fragen spielen kulturelle Erwartungen eine entscheidende Rolle.<\/p>\n\n\n\n<p>Viele ausl\u00e4ndische Arbeitgeber \u2013 insbesondere aus angloamerikanischen oder mitteleurop\u00e4ischen Systemen \u2013 werben mit \u201egro\u00dfer Freiheit\u201c und flexiblen Rollenprofilen.<\/p>\n\n\n\n<p>In Frankreich wird dies jedoch h\u00e4ufig nicht als Vorteil, sondern als mangelnde Struktur wahrgenommen.<\/p>\n\n\n\n<p>Die Folgen k\u00f6nnen sein:<\/p>\n\n\n\n<ul><li>sp\u00e4tere Konflikte \u00fcber Zust\u00e4ndigkeiten,<\/li><li>Diskussionen \u00fcber Leistungsanforderungen,<\/li><li>Streit \u00fcber Arbeitszeit und \u00dcberstunden,<\/li><li>erschwerte Durchsetzung disziplinarischer Ma\u00dfnahmen.<\/li><\/ul>\n\n\n\n<p>Ein unklar formuliertes Stellenprofil kann im K\u00fcndigungsfall zum entscheidenden Schwachpunkt werden.<\/p>\n\n\n\n<hr class=\"wp-block-separator\"\/>\n\n\n\n<p><strong>3. Arbeitszeit \u2013 kein Verhandlungsgegenstand<\/strong><\/p>\n\n\n\n<p>Die Arbeitszeit in Frankreich ist stark reguliert.<\/p>\n\n\n\n<p>Grundsatz: 35 Stunden pro Woche sind gesetzliche Norm.<\/p>\n\n\n\n<p>Sondermodelle wie <strong>forfait-jours<\/strong> (Pauschalregelung in Tagen) sind m\u00f6glich, jedoch nur unter strengen gesetzlichen Voraussetzungen,<\/p>\n\n\n\n<ul><li>h\u00e4ufig tarifvertraglich eingeschr\u00e4nkt,<\/li><li>nur bei bestimmten Hierarchie- oder Autonomiestufen zul\u00e4ssig.<\/li><\/ul>\n\n\n\n<p>Eine fehlerhafte Anwendung kann zu erheblichen \u00dcberstundenforderungen f\u00fchren \u2013 r\u00fcckwirkend \u00fcber mehrere Jahre.<\/p>\n\n\n\n<p>Dar\u00fcber hinaus kann eine nicht konforme Arbeitszeitregelung die Wirksamkeit einer sp\u00e4teren K\u00fcndigung beeintr\u00e4chtigen, insbesondere wenn Leistungsdefizite mit Arbeitszeitfragen verkn\u00fcpft sind.<\/p>\n\n\n\n<hr class=\"wp-block-separator\"\/>\n\n\n\n<p><strong>Warum Fehler im Recruiting sp\u00e4ter teuer werden<\/strong><\/p>\n\n\n\n<p>Viele arbeitsrechtliche Streitigkeiten in Frankreich haben ihren Ursprung nicht in der K\u00fcndigung selbst, sondern in einer fehlerhaften Vertragsgestaltung zu Beginn des Arbeitsverh\u00e4ltnisses.<\/p>\n\n\n\n<p>Typische Folgen fehlerhaften Recruitings:<\/p>\n\n\n\n<ul><li>r\u00fcckwirkende Gehaltsanpassungen,<\/li><li>Nachzahlung von \u00dcberstunden,<\/li><li>tarifliche H\u00f6hergruppierungsanspr\u00fcche,<\/li><li>Unwirksamkeit von Klauseln,<\/li><li>erschwerte oder unwirksame K\u00fcndigungen,<\/li><li>hohe Entsch\u00e4digungszahlungen bei Falschqualifikation (agent commercial).<\/li><\/ul>\n\n\n\n<p>Recruiting ist daher keine rein operative HR-Entscheidung, sondern eine strategische Compliance-Frage.<\/p>\n\n\n\n<hr class=\"wp-block-separator\"\/>\n\n\n\n<p><strong>Praktische Empfehlung f\u00fcr Unternehmen<\/strong><\/p>\n\n\n\n<p>Vor Abgabe eines Angebots sollten Unternehmen<\/p>\n\n\n\n<ul><li>den anwendbaren Tarifvertrag eindeutig bestimmen,<\/li><li>die korrekte Stellenklassifikation pr\u00fcfen,<\/li><li>das Verg\u00fctungsniveau tarifkonform festlegen,<\/li><li>die Arbeitszeitregelung rechtssicher gestalten,<\/li><li>die Abgrenzung zwischen Arbeitnehmer und Handelsvertreter sorgf\u00e4ltig pr\u00fcfen,<\/li><li>ein pr\u00e4zises und dokumentiertes Stellenprofil erstellen.<\/li><\/ul>\n\n\n\n<p>Eine saubere Struktur zu Beginn reduziert sp\u00e4tere Konflikte erheblich.<\/p>\n\n\n\n<hr class=\"wp-block-separator\"\/>\n\n\n\n<p><strong>Fazit<\/strong><\/p>\n\n\n\n<p>Frankreich bietet einen stabilen, gut regulierten Arbeitsmarkt \u2013 aber mit klaren Regeln.<\/p>\n\n\n\n<p>F\u00fcr ausl\u00e4ndische Arbeitgeber gilt:<br>Die gr\u00f6\u00dften Risiken entstehen nicht bei der K\u00fcndigung, sondern bereits im Recruiting-Prozess.<\/p>\n\n\n\n<p>Wer Tarifvertrag, Klassifikation und Arbeitszeit von Anfang an korrekt ber\u00fccksichtigt, schafft die Grundlage f\u00fcr eine rechtssichere und wirtschaftlich planbare Besch\u00e4ftigung \u2013 vom ersten Arbeitstag an.<\/p>\n","protected":false},"excerpt":{"rendered":"<p>Die gr\u00f6\u00dften Fallstricke f\u00fcr ausl\u00e4ndische Arbeitgeber Frankreich z\u00e4hlt zu den attraktivsten M\u00e4rkten Europas. Gleichzeitig ist das franz\u00f6sische Arbeitsrecht eines der formalistischsten und strukturiertesten Systeme innerhalb der EU. Viele ausl\u00e4ndische Unternehmen untersch\u00e4tzen bereits im Recruiting-Prozess zentrale Besonderheiten \u2013 mit erheblichen Folgen: Nachforderungen, arbeitsgerichtliche Verfahren oder sp\u00e4tere kostspielige K\u00fcndigungsstreitigkeiten. Drei Risikobereiche sind dabei besonders relevant:Tarifvertr\u00e4ge, Stellenklassifikation und [&hellip;]<\/p>\n","protected":false},"author":4,"featured_media":0,"comment_status":"closed","ping_status":"closed","sticky":true,"template":"","format":"standard","meta":{"_mi_skip_tracking":false},"categories":[20],"tags":[],"yoast_head":"<!-- This site is optimized with the Yoast SEO plugin v18.9 - https:\/\/yoast.com\/wordpress\/plugins\/seo\/ -->\n<title>Recruiting in Frankreich - Bledniak Avocat<\/title>\n<meta name=\"robots\" content=\"index, follow, max-snippet:-1, max-image-preview:large, max-video-preview:-1\" \/>\n<link rel=\"canonical\" href=\"https:\/\/bledniak-avocat.com\/de\/recruiting-in-frankreich\/\" \/>\n<meta name=\"twitter:label1\" content=\"Verfasst von\" \/>\n\t<meta name=\"twitter:data1\" content=\"Marta Bledniak\" \/>\n\t<meta name=\"twitter:label2\" content=\"Gesch\u00e4tzte Lesezeit\" \/>\n\t<meta name=\"twitter:data2\" content=\"3\u00a0Minuten\" \/>\n<script type=\"application\/ld+json\" class=\"yoast-schema-graph\">{\"@context\":\"https:\/\/schema.org\",\"@graph\":[{\"@type\":\"WebSite\",\"@id\":\"https:\/\/bledniak-avocat.com\/pl\/#website\",\"url\":\"https:\/\/bledniak-avocat.com\/pl\/\",\"name\":\"Bledniak Avocat\",\"description\":\"\",\"potentialAction\":[{\"@type\":\"SearchAction\",\"target\":{\"@type\":\"EntryPoint\",\"urlTemplate\":\"https:\/\/bledniak-avocat.com\/pl\/?s={search_term_string}\"},\"query-input\":\"required name=search_term_string\"}],\"inLanguage\":\"de\"},{\"@type\":\"WebPage\",\"@id\":\"https:\/\/bledniak-avocat.com\/de\/recruiting-in-frankreich\/#webpage\",\"url\":\"https:\/\/bledniak-avocat.com\/de\/recruiting-in-frankreich\/\",\"name\":\"Recruiting in Frankreich - Bledniak Avocat\",\"isPartOf\":{\"@id\":\"https:\/\/bledniak-avocat.com\/pl\/#website\"},\"datePublished\":\"2026-02-11T13:38:44+00:00\",\"dateModified\":\"2026-02-12T11:34:21+00:00\",\"author\":{\"@id\":\"https:\/\/bledniak-avocat.com\/pl\/#\/schema\/person\/5d60a6232a753959aa3f9227755b6990\"},\"breadcrumb\":{\"@id\":\"https:\/\/bledniak-avocat.com\/de\/recruiting-in-frankreich\/#breadcrumb\"},\"inLanguage\":\"de\",\"potentialAction\":[{\"@type\":\"ReadAction\",\"target\":[\"https:\/\/bledniak-avocat.com\/de\/recruiting-in-frankreich\/\"]}]},{\"@type\":\"BreadcrumbList\",\"@id\":\"https:\/\/bledniak-avocat.com\/de\/recruiting-in-frankreich\/#breadcrumb\",\"itemListElement\":[{\"@type\":\"ListItem\",\"position\":1,\"name\":\"Strona g\u0142\u00f3wna\",\"item\":\"https:\/\/bledniak-avocat.com\/de\/\"},{\"@type\":\"ListItem\",\"position\":2,\"name\":\"Recruiting in Frankreich\"}]},{\"@type\":\"Person\",\"@id\":\"https:\/\/bledniak-avocat.com\/pl\/#\/schema\/person\/5d60a6232a753959aa3f9227755b6990\",\"name\":\"Marta Bledniak\",\"url\":\"https:\/\/bledniak-avocat.com\/de\/author\/marta-bledniak\/\"}]}<\/script>\n<!-- \/ Yoast SEO plugin. -->","yoast_head_json":{"title":"Recruiting in Frankreich - Bledniak Avocat","robots":{"index":"index","follow":"follow","max-snippet":"max-snippet:-1","max-image-preview":"max-image-preview:large","max-video-preview":"max-video-preview:-1"},"canonical":"https:\/\/bledniak-avocat.com\/de\/recruiting-in-frankreich\/","twitter_misc":{"Verfasst von":"Marta Bledniak","Gesch\u00e4tzte Lesezeit":"3\u00a0Minuten"},"schema":{"@context":"https:\/\/schema.org","@graph":[{"@type":"WebSite","@id":"https:\/\/bledniak-avocat.com\/pl\/#website","url":"https:\/\/bledniak-avocat.com\/pl\/","name":"Bledniak Avocat","description":"","potentialAction":[{"@type":"SearchAction","target":{"@type":"EntryPoint","urlTemplate":"https:\/\/bledniak-avocat.com\/pl\/?s={search_term_string}"},"query-input":"required name=search_term_string"}],"inLanguage":"de"},{"@type":"WebPage","@id":"https:\/\/bledniak-avocat.com\/de\/recruiting-in-frankreich\/#webpage","url":"https:\/\/bledniak-avocat.com\/de\/recruiting-in-frankreich\/","name":"Recruiting in Frankreich - Bledniak Avocat","isPartOf":{"@id":"https:\/\/bledniak-avocat.com\/pl\/#website"},"datePublished":"2026-02-11T13:38:44+00:00","dateModified":"2026-02-12T11:34:21+00:00","author":{"@id":"https:\/\/bledniak-avocat.com\/pl\/#\/schema\/person\/5d60a6232a753959aa3f9227755b6990"},"breadcrumb":{"@id":"https:\/\/bledniak-avocat.com\/de\/recruiting-in-frankreich\/#breadcrumb"},"inLanguage":"de","potentialAction":[{"@type":"ReadAction","target":["https:\/\/bledniak-avocat.com\/de\/recruiting-in-frankreich\/"]}]},{"@type":"BreadcrumbList","@id":"https:\/\/bledniak-avocat.com\/de\/recruiting-in-frankreich\/#breadcrumb","itemListElement":[{"@type":"ListItem","position":1,"name":"Strona g\u0142\u00f3wna","item":"https:\/\/bledniak-avocat.com\/de\/"},{"@type":"ListItem","position":2,"name":"Recruiting in Frankreich"}]},{"@type":"Person","@id":"https:\/\/bledniak-avocat.com\/pl\/#\/schema\/person\/5d60a6232a753959aa3f9227755b6990","name":"Marta Bledniak","url":"https:\/\/bledniak-avocat.com\/de\/author\/marta-bledniak\/"}]}},"_links":{"self":[{"href":"https:\/\/bledniak-avocat.com\/de\/wp-json\/wp\/v2\/posts\/3279"}],"collection":[{"href":"https:\/\/bledniak-avocat.com\/de\/wp-json\/wp\/v2\/posts"}],"about":[{"href":"https:\/\/bledniak-avocat.com\/de\/wp-json\/wp\/v2\/types\/post"}],"author":[{"embeddable":true,"href":"https:\/\/bledniak-avocat.com\/de\/wp-json\/wp\/v2\/users\/4"}],"replies":[{"embeddable":true,"href":"https:\/\/bledniak-avocat.com\/de\/wp-json\/wp\/v2\/comments?post=3279"}],"version-history":[{"count":2,"href":"https:\/\/bledniak-avocat.com\/de\/wp-json\/wp\/v2\/posts\/3279\/revisions"}],"predecessor-version":[{"id":3286,"href":"https:\/\/bledniak-avocat.com\/de\/wp-json\/wp\/v2\/posts\/3279\/revisions\/3286"}],"wp:attachment":[{"href":"https:\/\/bledniak-avocat.com\/de\/wp-json\/wp\/v2\/media?parent=3279"}],"wp:term":[{"taxonomy":"category","embeddable":true,"href":"https:\/\/bledniak-avocat.com\/de\/wp-json\/wp\/v2\/categories?post=3279"},{"taxonomy":"post_tag","embeddable":true,"href":"https:\/\/bledniak-avocat.com\/de\/wp-json\/wp\/v2\/tags?post=3279"}],"curies":[{"name":"wp","href":"https:\/\/api.w.org\/{rel}","templated":true}]}}