{"id":3281,"date":"2026-02-11T15:48:54","date_gmt":"2026-02-11T13:48:54","guid":{"rendered":"https:\/\/bledniak-avocat.com\/?p=3281"},"modified":"2026-02-12T13:34:36","modified_gmt":"2026-02-12T11:34:36","slug":"mitarbeiter-berichtet-nicht-und-erreicht-ziele-nicht","status":"publish","type":"post","link":"https:\/\/bledniak-avocat.com\/de\/mitarbeiter-berichtet-nicht-und-erreicht-ziele-nicht\/","title":{"rendered":"Mitarbeiter berichtet nicht und erreicht Ziele nicht"},"content":{"rendered":"\n<p><strong>Darf der Arbeitgeber k\u00fcndigen \u2013 und was kostet das in Frankreich?<\/strong><\/p>\n\n\n\n<p>Wenn ein Arbeitnehmer \u2013 insbesondere im Vertrieb \u2013 seine Ziele nicht erreicht, seine Aktivit\u00e4ten nicht dokumentiert oder nur geringes Engagement zeigt, stehen viele Arbeitsgebern vor derselben Frage:<\/p>\n\n\n\n<p><strong>Ist eine K\u00fcndigung m\u00f6glich \u2013 und mit welchen Kosten und Risiken ist sie verbunden?<\/strong><\/p>\n\n\n\n<p>Im franz\u00f6sischen Arbeitsrecht ist die Antwort differenziert. Entscheidend sind:<\/p>\n\n\n\n<ul><li>die korrekte rechtliche Einordnung des Verhaltens,<\/li><li>der anwendbare Tarifvertrag (convention collective),<\/li><li>die Beweisbarkeit der Vorw\u00fcrfe (realistische Ziele + dokumentierte Begleitung).<\/li><\/ul>\n\n\n\n<p>Eine vorschnelle K\u00fcndigung ohne saubere Vorbereitung f\u00fchrt h\u00e4ufig zu arbeitsgerichtlichen Verfahren vor dem <strong>Conseil de prud\u2019hommes<\/strong>.<\/p>\n\n\n\n<hr class=\"wp-block-separator\"\/>\n\n\n\n<p><strong>1. K\u00fcndigung wegen unzureichender Leistung (insuffisance professionnelle)<\/strong><\/p>\n\n\n\n<p>Diese Form der K\u00fcndigung kommt in Betracht, wenn der Arbeitnehmer grunds\u00e4tzlich arbeitet, jedoch:<\/p>\n\n\n\n<ul><li>vereinbarte Ergebnisse nicht erzielt,<\/li><li>ineffektiv oder unstrukturiert vorgeht,<\/li><li>keine ordnungsgem\u00e4\u00dfen Reports liefert,<\/li><li>trotz Unterst\u00fctzung keine nachhaltige Verbesserung zeigt.<\/li><\/ul>\n\n\n\n<p>Wichtig:<br>Unzureichende Leistung ist <strong>kein Verschulden<\/strong>, sondern eine mangelnde berufliche Eignung oder Effizienz.<\/p>\n\n\n\n<p><strong>Voraussetzungen f\u00fcr eine rechtm\u00e4\u00dfige K\u00fcndigung:<\/strong><\/p>\n\n\n\n<p>Der Arbeitgeber muss nachweisen:<\/p>\n\n\n\n<p>&#x2714; realistische und pr\u00e4zise definierte Ziele<br>&#x2714; Kenntnis dieser Ziele durch den Arbeitnehmer<br>&#x2714; konkrete Unterst\u00fctzung (E-Mails, Coaching, Zielgespr\u00e4che, entretien professionnel)<br>&#x2714; ausreichende Beobachtungszeit zur Leistungsverbesserung<\/p>\n\n\n\n<p>Fehlt eines dieser Elemente, wird die K\u00fcndigung angreifbar.<\/p>\n\n\n\n<p><strong>Kosten f\u00fcr den Arbeitgeber:<\/strong><\/p>\n\n\n\n<p>Im Fall einer K\u00fcndigung wegen insuffisance professionnelle fallen typischerweise an:<\/p>\n\n\n\n<ul><li>Gehalt w\u00e4hrend der K\u00fcndigungsfrist (meist 1\u20133 Monate je nach Betriebszugeh\u00f6rigkeit und Tarifvertrag)<\/li><li>gesetzliche oder tarifliche Abfindung<\/li><li>Urlaubsabgeltung<\/li><\/ul>\n\n\n\n<p><strong>Beispiel:<\/strong><br>4 Jahre Betriebszugeh\u00f6rigkeit<br>3.000 \u20ac brutto Monatsgehalt<\/p>\n\n\n\n<p>\u2192 Gesamtkosten etwa 4.000\u20135.000 \u20ac (zuz\u00fcglich Gehalt f\u00fcr tats\u00e4chlich geleistete K\u00fcndigungsfrist).<\/p>\n\n\n\n<p><strong>Besonderes Risiko im Vertrieb<\/strong><\/p>\n\n\n\n<p>Wird ein Mitarbeiter f\u00e4lschlich als Arbeitnehmer behandelt, obwohl er rechtlich als <strong>agent commercial<\/strong> (Handelsvertreter im Sinne des Handelsrechts) einzustufen w\u00e4re, kann bei Beendigung zus\u00e4tzlich eine Ausgleichszahlung f\u00e4llig werden \u2013 \u00fcblicherweise in H\u00f6he von <strong>zwei Jahresprovisionen<\/strong>.<\/p>\n\n\n\n<p>Die finanzielle Tragweite ist erheblich.<\/p>\n\n\n\n<hr class=\"wp-block-separator\"\/>\n\n\n\n<p><strong>2. K\u00fcndigung wegen Verschuldens (faute simple \/ faute grave)<\/strong><\/p>\n\n\n\n<p>Anders ist die Situation, wenn ein schuldhaftes Verhalten vorliegt, z. B.:<\/p>\n\n\n\n<ul><li>ausdr\u00fcckliche Weigerung zu reporten,<\/li><li>unentschuldigte Abwesenheiten oder nicht nachvollziehbare Dienstreisen,<\/li><li>Verschleierung der tats\u00e4chlichen T\u00e4tigkeit,<\/li><li>Sch\u00e4digung des Unternehmens oder Vertrauensverlust,<\/li><li>Verst\u00f6\u00dfe gegen Arbeitszeitvorgaben.<\/li><\/ul>\n\n\n\n<p>Hier handelt es sich nicht um mangelnde Leistung, sondern um Pflichtverletzungen.<\/p>\n\n\n\n<p><strong>Beweisanforderungen:<\/strong><\/p>\n\n\n\n<p>Erforderlich sind konkrete, datierte und objektiv nachpr\u00fcfbare Beweise, etwa:<\/p>\n\n\n\n<ul><li>E-Mails<\/li><li>schriftliche Abmahnungen<\/li><li>CRM-Ausz\u00fcge<\/li><li>Gespr\u00e4chsprotokolle<\/li><li>Kundenbeschwerden<\/li><li>dokumentierte Verst\u00f6\u00dfe<\/li><\/ul>\n\n\n\n<p>Ohne saubere Beweisf\u00fchrung ist eine verhaltensbedingte K\u00fcndigung hoch riskant.<\/p>\n\n\n\n<p><strong>Rechtsfolgen&nbsp;:<\/strong><\/p>\n\n\n\n<p><strong>Faute simple:<\/strong><\/p>\n\n\n\n<ul><li>K\u00fcndigungsfrist<\/li><li>Abfindung<\/li><li>Urlaubsabgeltung<\/li><\/ul>\n\n\n\n<p><strong>Faute grave:<\/strong><\/p>\n\n\n\n<ul><li>keine K\u00fcndigungsfrist<\/li><li>keine Abfindung<\/li><li>nur Urlaubsabgeltung<\/li><\/ul>\n\n\n\n<p><strong>Risiko<\/strong><\/p>\n\n\n\n<p>Ist die Beweislage schwach, kann das Arbeitsgericht die K\u00fcndigung als unbegr\u00fcndet ansehen.<\/p>\n\n\n\n<p>Die Folge k\u00f6nnen erhebliche Entsch\u00e4digungen wegen K\u00fcndigung ohne \u201erealen und ernsthaften Grund\u201c sein.<\/p>\n\n\n\n<hr class=\"wp-block-separator\"\/>\n\n\n\n<p><strong>3. Aufhebungsvertrag (rupture conventionnelle)<\/strong><\/p>\n\n\n\n<p>In der Praxis ist die einvernehmliche Beendigung h\u00e4ufig die pragmatischste L\u00f6sung \u2013 insbesondere wenn:<\/p>\n\n\n\n<ul><li>das Vertrauensverh\u00e4ltnis geschw\u00e4cht ist,<\/li><li>kein schweres Fehlverhalten vorliegt,<\/li><li>das Beweisrisiko hoch ist,<\/li><li>beide Parteien eine gerichtliche Auseinandersetzung vermeiden m\u00f6chten.<\/li><\/ul>\n\n\n\n<p>Mindestens zu zahlen ist die gesetzliche Mindestabfindung (wie bei K\u00fcndigung). In der Praxis wird oft eine h\u00f6here Summe verhandelt, um Planungssicherheit zu schaffen.<\/p>\n\n\n\n<p>Vorteile:<\/p>\n\n\n\n<ul><li>reduzierte Prozessrisiken<\/li><li>kalkulierbare Kosten<\/li><li>keine streitige Begr\u00fcndungsdiskussion<\/li><li>Zugang des Arbeitnehmers zum Arbeitslosengeld bleibt erhalten<\/li><\/ul>\n\n\n\n<hr class=\"wp-block-separator\"\/>\n\n\n\n<p><strong>Typische Fehler ausl\u00e4ndischer Arbeitgeber<\/strong><\/p>\n\n\n\n<ul><li>Ziele waren nicht schriftlich definiert<\/li><li>Keine dokumentierte Leistungsbegleitung<\/li><li>Keine formellen Zielgespr\u00e4che<\/li><li>Unklare Stellenbeschreibung<\/li><li>Fehlende Abgrenzung zwischen Arbeitnehmer und Handelsvertreter<\/li><li>Unklare Arbeitszeitregelung<\/li><\/ul>\n\n\n\n<p>Viele K\u00fcndigungen scheitern nicht am Verhalten des Mitarbeiters, sondern an fehlender Vorbereitung.<\/p>\n\n\n\n<hr class=\"wp-block-separator\"\/>\n\n\n\n<p><strong>Fazit<\/strong><\/p>\n\n\n\n<p>In Frankreich ist eine K\u00fcndigung wegen fehlendem Reporting oder Nichterreichen von Zielen m\u00f6glich \u2013 aber nur bei sorgf\u00e4ltiger Vorbereitung.<\/p>\n\n\n\n<p>Erforderlich sind:<\/p>\n\n\n\n<ul><li>eine pr\u00e4zise rechtliche Einordnung (Leistungsmangel oder Pflichtverletzung),<\/li><li>belastbare Dokumentation,<\/li><li>Beachtung des Tarifvertrags,<\/li><li>korrekte funktionale Einstufung (insbesondere im Vertrieb),<\/li><li>rechtssichere Arbeitszeitgestaltung.<\/li><\/ul>\n\n\n\n<p>Die Wahl des Beendigungsgrundes hat unmittelbare Auswirkungen auf Kosten, Abfindung und Prozessrisiko \u2013 insbesondere vor dem Conseil de prud\u2019hommes.<\/p>\n\n\n\n<p>Nicht die K\u00fcndigung selbst ist das gr\u00f6\u00dfte Risiko, sondern eine K\u00fcndigung ohne strukturierte Vorbereitung.<\/p>\n","protected":false},"excerpt":{"rendered":"<p>Darf der Arbeitgeber k\u00fcndigen \u2013 und was kostet das in Frankreich? Wenn ein Arbeitnehmer \u2013 insbesondere im Vertrieb \u2013 seine Ziele nicht erreicht, seine Aktivit\u00e4ten nicht dokumentiert oder nur geringes Engagement zeigt, stehen viele Arbeitsgebern vor derselben Frage: Ist eine K\u00fcndigung m\u00f6glich \u2013 und mit welchen Kosten und Risiken ist sie verbunden? Im franz\u00f6sischen Arbeitsrecht [&hellip;]<\/p>\n","protected":false},"author":4,"featured_media":0,"comment_status":"closed","ping_status":"closed","sticky":true,"template":"","format":"standard","meta":{"_mi_skip_tracking":false},"categories":[20],"tags":[],"yoast_head":"<!-- This site is optimized with the Yoast SEO plugin v18.9 - https:\/\/yoast.com\/wordpress\/plugins\/seo\/ -->\n<title>Mitarbeiter berichtet nicht und erreicht Ziele nicht - Bledniak Avocat<\/title>\n<meta name=\"robots\" content=\"index, follow, max-snippet:-1, max-image-preview:large, max-video-preview:-1\" \/>\n<link rel=\"canonical\" href=\"https:\/\/bledniak-avocat.com\/de\/mitarbeiter-berichtet-nicht-und-erreicht-ziele-nicht\/\" \/>\n<meta name=\"twitter:label1\" content=\"Verfasst von\" \/>\n\t<meta name=\"twitter:data1\" content=\"Marta Bledniak\" \/>\n\t<meta name=\"twitter:label2\" content=\"Gesch\u00e4tzte Lesezeit\" \/>\n\t<meta name=\"twitter:data2\" content=\"4\u00a0Minuten\" \/>\n<script type=\"application\/ld+json\" class=\"yoast-schema-graph\">{\"@context\":\"https:\/\/schema.org\",\"@graph\":[{\"@type\":\"WebSite\",\"@id\":\"https:\/\/bledniak-avocat.com\/pl\/#website\",\"url\":\"https:\/\/bledniak-avocat.com\/pl\/\",\"name\":\"Bledniak Avocat\",\"description\":\"\",\"potentialAction\":[{\"@type\":\"SearchAction\",\"target\":{\"@type\":\"EntryPoint\",\"urlTemplate\":\"https:\/\/bledniak-avocat.com\/pl\/?s={search_term_string}\"},\"query-input\":\"required name=search_term_string\"}],\"inLanguage\":\"de\"},{\"@type\":\"WebPage\",\"@id\":\"https:\/\/bledniak-avocat.com\/de\/mitarbeiter-berichtet-nicht-und-erreicht-ziele-nicht\/#webpage\",\"url\":\"https:\/\/bledniak-avocat.com\/de\/mitarbeiter-berichtet-nicht-und-erreicht-ziele-nicht\/\",\"name\":\"Mitarbeiter berichtet nicht und erreicht Ziele nicht - Bledniak Avocat\",\"isPartOf\":{\"@id\":\"https:\/\/bledniak-avocat.com\/pl\/#website\"},\"datePublished\":\"2026-02-11T13:48:54+00:00\",\"dateModified\":\"2026-02-12T11:34:36+00:00\",\"author\":{\"@id\":\"https:\/\/bledniak-avocat.com\/pl\/#\/schema\/person\/5d60a6232a753959aa3f9227755b6990\"},\"breadcrumb\":{\"@id\":\"https:\/\/bledniak-avocat.com\/de\/mitarbeiter-berichtet-nicht-und-erreicht-ziele-nicht\/#breadcrumb\"},\"inLanguage\":\"de\",\"potentialAction\":[{\"@type\":\"ReadAction\",\"target\":[\"https:\/\/bledniak-avocat.com\/de\/mitarbeiter-berichtet-nicht-und-erreicht-ziele-nicht\/\"]}]},{\"@type\":\"BreadcrumbList\",\"@id\":\"https:\/\/bledniak-avocat.com\/de\/mitarbeiter-berichtet-nicht-und-erreicht-ziele-nicht\/#breadcrumb\",\"itemListElement\":[{\"@type\":\"ListItem\",\"position\":1,\"name\":\"Strona g\u0142\u00f3wna\",\"item\":\"https:\/\/bledniak-avocat.com\/de\/\"},{\"@type\":\"ListItem\",\"position\":2,\"name\":\"Mitarbeiter berichtet nicht und erreicht Ziele nicht\"}]},{\"@type\":\"Person\",\"@id\":\"https:\/\/bledniak-avocat.com\/pl\/#\/schema\/person\/5d60a6232a753959aa3f9227755b6990\",\"name\":\"Marta Bledniak\",\"url\":\"https:\/\/bledniak-avocat.com\/de\/author\/marta-bledniak\/\"}]}<\/script>\n<!-- \/ Yoast SEO plugin. -->","yoast_head_json":{"title":"Mitarbeiter berichtet nicht und erreicht Ziele nicht - Bledniak Avocat","robots":{"index":"index","follow":"follow","max-snippet":"max-snippet:-1","max-image-preview":"max-image-preview:large","max-video-preview":"max-video-preview:-1"},"canonical":"https:\/\/bledniak-avocat.com\/de\/mitarbeiter-berichtet-nicht-und-erreicht-ziele-nicht\/","twitter_misc":{"Verfasst von":"Marta Bledniak","Gesch\u00e4tzte Lesezeit":"4\u00a0Minuten"},"schema":{"@context":"https:\/\/schema.org","@graph":[{"@type":"WebSite","@id":"https:\/\/bledniak-avocat.com\/pl\/#website","url":"https:\/\/bledniak-avocat.com\/pl\/","name":"Bledniak Avocat","description":"","potentialAction":[{"@type":"SearchAction","target":{"@type":"EntryPoint","urlTemplate":"https:\/\/bledniak-avocat.com\/pl\/?s={search_term_string}"},"query-input":"required name=search_term_string"}],"inLanguage":"de"},{"@type":"WebPage","@id":"https:\/\/bledniak-avocat.com\/de\/mitarbeiter-berichtet-nicht-und-erreicht-ziele-nicht\/#webpage","url":"https:\/\/bledniak-avocat.com\/de\/mitarbeiter-berichtet-nicht-und-erreicht-ziele-nicht\/","name":"Mitarbeiter berichtet nicht und erreicht Ziele nicht - Bledniak Avocat","isPartOf":{"@id":"https:\/\/bledniak-avocat.com\/pl\/#website"},"datePublished":"2026-02-11T13:48:54+00:00","dateModified":"2026-02-12T11:34:36+00:00","author":{"@id":"https:\/\/bledniak-avocat.com\/pl\/#\/schema\/person\/5d60a6232a753959aa3f9227755b6990"},"breadcrumb":{"@id":"https:\/\/bledniak-avocat.com\/de\/mitarbeiter-berichtet-nicht-und-erreicht-ziele-nicht\/#breadcrumb"},"inLanguage":"de","potentialAction":[{"@type":"ReadAction","target":["https:\/\/bledniak-avocat.com\/de\/mitarbeiter-berichtet-nicht-und-erreicht-ziele-nicht\/"]}]},{"@type":"BreadcrumbList","@id":"https:\/\/bledniak-avocat.com\/de\/mitarbeiter-berichtet-nicht-und-erreicht-ziele-nicht\/#breadcrumb","itemListElement":[{"@type":"ListItem","position":1,"name":"Strona g\u0142\u00f3wna","item":"https:\/\/bledniak-avocat.com\/de\/"},{"@type":"ListItem","position":2,"name":"Mitarbeiter berichtet nicht und erreicht Ziele nicht"}]},{"@type":"Person","@id":"https:\/\/bledniak-avocat.com\/pl\/#\/schema\/person\/5d60a6232a753959aa3f9227755b6990","name":"Marta Bledniak","url":"https:\/\/bledniak-avocat.com\/de\/author\/marta-bledniak\/"}]}},"_links":{"self":[{"href":"https:\/\/bledniak-avocat.com\/de\/wp-json\/wp\/v2\/posts\/3281"}],"collection":[{"href":"https:\/\/bledniak-avocat.com\/de\/wp-json\/wp\/v2\/posts"}],"about":[{"href":"https:\/\/bledniak-avocat.com\/de\/wp-json\/wp\/v2\/types\/post"}],"author":[{"embeddable":true,"href":"https:\/\/bledniak-avocat.com\/de\/wp-json\/wp\/v2\/users\/4"}],"replies":[{"embeddable":true,"href":"https:\/\/bledniak-avocat.com\/de\/wp-json\/wp\/v2\/comments?post=3281"}],"version-history":[{"count":2,"href":"https:\/\/bledniak-avocat.com\/de\/wp-json\/wp\/v2\/posts\/3281\/revisions"}],"predecessor-version":[{"id":3287,"href":"https:\/\/bledniak-avocat.com\/de\/wp-json\/wp\/v2\/posts\/3281\/revisions\/3287"}],"wp:attachment":[{"href":"https:\/\/bledniak-avocat.com\/de\/wp-json\/wp\/v2\/media?parent=3281"}],"wp:term":[{"taxonomy":"category","embeddable":true,"href":"https:\/\/bledniak-avocat.com\/de\/wp-json\/wp\/v2\/categories?post=3281"},{"taxonomy":"post_tag","embeddable":true,"href":"https:\/\/bledniak-avocat.com\/de\/wp-json\/wp\/v2\/tags?post=3281"}],"curies":[{"name":"wp","href":"https:\/\/api.w.org\/{rel}","templated":true}]}}