{"id":3283,"date":"2026-02-11T16:22:09","date_gmt":"2026-02-11T14:22:09","guid":{"rendered":"https:\/\/bledniak-avocat.com\/?p=3283"},"modified":"2026-02-12T13:37:56","modified_gmt":"2026-02-12T11:37:56","slug":"rechtssicher-in-frankreich-agieren","status":"publish","type":"post","link":"https:\/\/bledniak-avocat.com\/de\/rechtssicher-in-frankreich-agieren\/","title":{"rendered":"Rechtssicher in Frankreich agieren"},"content":{"rendered":"\n<hr class=\"wp-block-separator\"\/>\n\n\n\n<h1>Arbeitsrechtliche und wirtschaftliche Schl\u00fcsselthemen f\u00fcr ausl\u00e4ndische Unternehmen<\/h1>\n\n\n\n<p>Frankreich ist einer der wichtigsten M\u00e4rkte Europas \u2013 attraktiv, kaufkr\u00e4ftig und strukturell stabil. Gleichzeitig geh\u00f6rt das franz\u00f6sische Arbeits- und Wirtschaftsrecht zu den formalistischsten Systemen innerhalb der EU.<\/p>\n\n\n\n<p>Ob <strong>Besch\u00e4ftigung in Frankreich<\/strong>, <strong>Kauf eines Unternehmens in Frankreich<\/strong> oder die sp\u00e4tere <strong>K\u00fcndigung eines Arbeitnehmers in Frankreich<\/strong> \u2013 viele Risiken entstehen nicht aus wirtschaftlichen Fehlentscheidungen, sondern aus fehlender Kenntnis der rechtlichen Rahmenbedingungen.<\/p>\n\n\n\n<p>Dieser \u00dcberblick zeigt die zentralen Themen, die Unternehmen fr\u00fchzeitig ber\u00fccksichtigen sollten.<\/p>\n\n\n\n<hr class=\"wp-block-separator\"\/>\n\n\n\n<h2>1. Besch\u00e4ftigung in Frankreich: Struktur statt Flexibilit\u00e4t<\/h2>\n\n\n\n<p>Die <strong>Besch\u00e4ftigung in Frankreich<\/strong> unterliegt einem stark normierten System. Neben dem Arbeitsvertrag spielen insbesondere die <strong>Tarifvertr\u00e4ge in Frankreich (conventions collectives)<\/strong> eine entscheidende Rolle.<\/p>\n\n\n\n<p>Anders als in vielen anderen L\u00e4ndern sind Tarifvertr\u00e4ge:<\/p>\n\n\n\n<ul><li>zwingend anwendbar,<\/li><li>normativ bindend,<\/li><li>h\u00e4ufig st\u00e4rker als individuelle Vereinbarungen.<\/li><\/ul>\n\n\n\n<p>Sie regeln unter anderem:<\/p>\n\n\n\n<ul><li>Mindest- und Einstufungsgeh\u00e4lter<\/li><li>K\u00fcndigungsfristen<\/li><li>Probezeitregelungen<\/li><li>Pflichtfortbildungen<\/li><li>Klassifikation von Positionen<\/li><li>teilweise sogar Leistungsbeurteilungssysteme<\/li><\/ul>\n\n\n\n<p>Eine falsche Einstufung kann zu r\u00fcckwirkenden Gehaltsanpassungen und Nachforderungen f\u00fchren.<\/p>\n\n\n\n<hr class=\"wp-block-separator\"\/>\n\n\n\n<h2>2. Verg\u00fctung in Frankreich: Mehr als das Grundgehalt<\/h2>\n\n\n\n<p>Die <strong>Verg\u00fctung in Frankreich<\/strong> besteht nicht nur aus dem vertraglich vereinbarten Monatsgehalt. Sie ist h\u00e4ufig tariflich strukturiert und kann beinhalten:<\/p>\n\n\n\n<ul><li>Mindestgeh\u00e4lter je nach Klassifikation<\/li><li>variable Bestandteile<\/li><li>Pr\u00e4mien und Zulagen<\/li><li>Sachleistungen<\/li><li>Sonderzahlungen<\/li><\/ul>\n\n\n\n<p>Hinzu kommen hohe Sozialabgaben, die Arbeitgeber einkalkulieren m\u00fcssen.<\/p>\n\n\n\n<p>Fehler bei der Verg\u00fctungsstruktur wirken sich sp\u00e4ter unmittelbar auf die Rechtm\u00e4\u00dfigkeit einer K\u00fcndigung oder auf Abfindungsberechnungen aus.<\/p>\n\n\n\n<hr class=\"wp-block-separator\"\/>\n\n\n\n<h2>3. Arbeitszeit in Frankreich: Kein Verhandlungsspielraum<\/h2>\n\n\n\n<p>Die <strong>Arbeitszeit in Frankreich<\/strong> ist streng reguliert.<\/p>\n\n\n\n<p>Grundregel:<\/p>\n\n\n\n<ul><li>35 Stunden pro Woche sind gesetzliche Norm.<\/li><\/ul>\n\n\n\n<p>Sondermodelle wie das \u201eforfait-jours\u201c-System sind m\u00f6glich, aber nur unter bestimmten Voraussetzungen und h\u00e4ufig nur bei tarifvertraglicher Grundlage.<\/p>\n\n\n\n<p>Nicht rechtskonforme Arbeitszeitregelungen k\u00f6nnen zu:<\/p>\n\n\n\n<ul><li>r\u00fcckwirkenden \u00dcberstundenforderungen,<\/li><li>Unwirksamkeit von Vertragsklauseln,<\/li><li>erh\u00f6htem Prozessrisiko bei K\u00fcndigungen<\/li><\/ul>\n\n\n\n<p>f\u00fchren.<\/p>\n\n\n\n<p>Arbeitszeitverst\u00f6\u00dfe sind ein h\u00e4ufiger Streitpunkt vor dem Arbeitsgericht.<\/p>\n\n\n\n<hr class=\"wp-block-separator\"\/>\n\n\n\n<h2>4. K\u00fcndigung eines Arbeitnehmers in Frankreich: Hoher Formalismus<\/h2>\n\n\n\n<p>Die <strong>K\u00fcndigung eines Arbeitnehmers in Frankreich<\/strong> ist formal stark reglementiert.<\/p>\n\n\n\n<p>Jede K\u00fcndigung ben\u00f6tigt:<\/p>\n\n\n\n<ul><li>einen \u201erealen und ernsthaften Grund\u201c,<\/li><li>ein formelles Anh\u00f6rungsverfahren,<\/li><li>pr\u00e4zise Begr\u00fcndung im K\u00fcndigungsschreiben.<\/li><\/ul>\n\n\n\n<p>Fehler im Verfahren f\u00fchren regelm\u00e4\u00dfig zu Verfahren vor dem Arbeitsgericht (Conseil de prud\u2019hommes) und zu Schadensersatzanspr\u00fcchen.<\/p>\n\n\n\n<p>Die H\u00f6he der Entsch\u00e4digung h\u00e4ngt von Betriebszugeh\u00f6rigkeit, Verg\u00fctung und Unternehmensgr\u00f6\u00dfe ab.<\/p>\n\n\n\n<hr class=\"wp-block-separator\"\/>\n\n\n\n<h2>5. Handelsvertreter in Frankreich: Besondere Vorsicht<\/h2>\n\n\n\n<p>Ein besonders sensibler Bereich ist die Abgrenzung zwischen Arbeitnehmer und <strong>Handelsvertreter in Frankreich (agent commercial)<\/strong>.<\/p>\n\n\n\n<p>Der Handelsvertreter unterliegt nicht dem Arbeitsrecht, sondern dem Handelsrecht.<\/p>\n\n\n\n<p>Bei Vertragsbeendigung kann eine <strong>Entsch\u00e4digung des Handelsvertreters in Frankreich<\/strong> f\u00e4llig werden, die \u00fcblicherweise dem Gegenwert von zwei Jahresprovisionen entspricht.<\/p>\n\n\n\n<p>Eine fehlerhafte Einordnung kann erhebliche finanzielle Folgen haben \u2013 insbesondere im Vertrieb.<\/p>\n\n\n\n<hr class=\"wp-block-separator\"\/>\n\n\n\n<h2>6. Kauf eines Unternehmens in Frankreich: Arbeitsrecht als Risikofaktor<\/h2>\n\n\n\n<p>Beim <strong>Kauf eines Unternehmens in Frankreich<\/strong> spielt das Arbeitsrecht eine zentrale Rolle.<\/p>\n\n\n\n<p>Im Rahmen einer Due-Diligence-Pr\u00fcfung sollten insbesondere analysiert werden:<\/p>\n\n\n\n<ul><li>korrekte Anwendung der Tarifvertr\u00e4ge in Frankreich<\/li><li>Einhaltung der Arbeitszeit in Frankreich<\/li><li>Klassifikation der Mitarbeiter<\/li><li>Verg\u00fctungsstruktur<\/li><li>anh\u00e4ngige oder potenzielle K\u00fcndigungsstreitigkeiten<\/li><li>m\u00f6gliche Anspr\u00fcche von Handelsvertretern<\/li><\/ul>\n\n\n\n<p>Fehlerhafte HR-Strukturen k\u00f6nnen den Kaufpreis erheblich beeinflussen.<\/p>\n\n\n\n<hr class=\"wp-block-separator\"\/>\n\n\n\n<h2>7. Wirtschaftsprozess in Frankreich: Schneller als gedacht<\/h2>\n\n\n\n<p>Ger\u00e4t ein arbeits- oder handelsrechtlicher Konflikt vor Gericht, kann ein <strong>Wirtschaftsprozess in Frankreich<\/strong> \u2013 sei es vor dem Handelsgericht oder vor dem Arbeitsgericht \u2013 schneller und formalisierter verlaufen als erwartet.<\/p>\n\n\n\n<p>Arbeitsgerichtliche Verfahren sind stark dokumentenbasiert.<br>Fehlende Dokumentation schw\u00e4cht die Position des Unternehmens erheblich.<\/p>\n\n\n\n<p>Gerade bei K\u00fcndigungen oder bei Streitigkeiten \u00fcber die Entsch\u00e4digung eines Handelsvertreters sind saubere Vertragsgrundlagen und schriftliche Nachweise entscheidend.<\/p>\n\n\n\n<hr class=\"wp-block-separator\"\/>\n\n\n\n<h2>Fazit: Pr\u00e4vention ist wirtschaftlich sinnvoller als Prozessf\u00fchrung<\/h2>\n\n\n\n<p>Frankreich bietet wirtschaftliche Stabilit\u00e4t und Rechtssicherheit \u2013 jedoch nur f\u00fcr Unternehmen, die das System verstehen.<\/p>\n\n\n\n<p>Ob:<\/p>\n\n\n\n<ul><li>Besch\u00e4ftigung in Frankreich<\/li><li>Arbeitszeit in Frankreich<\/li><li>Verg\u00fctung in Frankreich<\/li><li>Tarifvertr\u00e4ge in Frankreich<\/li><li>K\u00fcndigung eines Arbeitnehmers in Frankreich<\/li><li>Handelsvertreter in Frankreich<\/li><li>Entsch\u00e4digung des Handelsvertreters in Frankreich<\/li><li>Kauf eines Unternehmens in Frankreich<\/li><li>oder ein Wirtschaftsprozess in Frankreich<\/li><\/ul>\n\n\n\n<p>\u2013 jedes dieser Themen kann erhebliche finanzielle Auswirkungen haben.<\/p>\n\n\n\n<p>Der Schl\u00fcssel liegt in einer strukturierten arbeitsrechtlichen Vorbereitung und einer strategischen Risikoanalyse bereits vor Markteintritt oder Transaktion.<\/p>\n\n\n\n<hr class=\"wp-block-separator\"\/>\n","protected":false},"excerpt":{"rendered":"<p>Arbeitsrechtliche und wirtschaftliche Schl\u00fcsselthemen f\u00fcr ausl\u00e4ndische Unternehmen Frankreich ist einer der wichtigsten M\u00e4rkte Europas \u2013 attraktiv, kaufkr\u00e4ftig und strukturell stabil. Gleichzeitig geh\u00f6rt das franz\u00f6sische Arbeits- und Wirtschaftsrecht zu den formalistischsten Systemen innerhalb der EU. Ob Besch\u00e4ftigung in Frankreich, Kauf eines Unternehmens in Frankreich oder die sp\u00e4tere K\u00fcndigung eines Arbeitnehmers in Frankreich \u2013 viele Risiken entstehen [&hellip;]<\/p>\n","protected":false},"author":4,"featured_media":0,"comment_status":"closed","ping_status":"closed","sticky":true,"template":"","format":"standard","meta":{"_mi_skip_tracking":false},"categories":[20],"tags":[],"yoast_head":"<!-- This site is optimized with the Yoast SEO plugin v18.9 - https:\/\/yoast.com\/wordpress\/plugins\/seo\/ -->\n<title>Arbeitszeit, Besch\u00e4ftigung, Verg\u00fctung und Tarifvertr\u00e4ge in Frankreich \u2013 Kauf eines Unternehmens, K\u00fcndigung eines Arbeitnehmers, Wirtschaftsprozess, Handelsvertreter in Frankreich<\/title>\n<meta name=\"robots\" content=\"index, follow, max-snippet:-1, max-image-preview:large, max-video-preview:-1\" \/>\n<link rel=\"canonical\" href=\"https:\/\/bledniak-avocat.com\/de\/rechtssicher-in-frankreich-agieren\/\" \/>\n<meta name=\"twitter:label1\" content=\"Verfasst von\" \/>\n\t<meta name=\"twitter:data1\" content=\"Marta Bledniak\" \/>\n\t<meta name=\"twitter:label2\" content=\"Gesch\u00e4tzte Lesezeit\" \/>\n\t<meta name=\"twitter:data2\" content=\"4\u00a0Minuten\" \/>\n<script type=\"application\/ld+json\" class=\"yoast-schema-graph\">{\"@context\":\"https:\/\/schema.org\",\"@graph\":[{\"@type\":\"WebSite\",\"@id\":\"https:\/\/bledniak-avocat.com\/pl\/#website\",\"url\":\"https:\/\/bledniak-avocat.com\/pl\/\",\"name\":\"Bledniak Avocat\",\"description\":\"\",\"potentialAction\":[{\"@type\":\"SearchAction\",\"target\":{\"@type\":\"EntryPoint\",\"urlTemplate\":\"https:\/\/bledniak-avocat.com\/pl\/?s={search_term_string}\"},\"query-input\":\"required name=search_term_string\"}],\"inLanguage\":\"de\"},{\"@type\":\"WebPage\",\"@id\":\"https:\/\/bledniak-avocat.com\/de\/rechtssicher-in-frankreich-agieren\/#webpage\",\"url\":\"https:\/\/bledniak-avocat.com\/de\/rechtssicher-in-frankreich-agieren\/\",\"name\":\"Arbeitszeit, Besch\u00e4ftigung, Verg\u00fctung und Tarifvertr\u00e4ge in Frankreich \u2013 Kauf eines Unternehmens, K\u00fcndigung eines Arbeitnehmers, Wirtschaftsprozess, Handelsvertreter in Frankreich\",\"isPartOf\":{\"@id\":\"https:\/\/bledniak-avocat.com\/pl\/#website\"},\"datePublished\":\"2026-02-11T14:22:09+00:00\",\"dateModified\":\"2026-02-12T11:37:56+00:00\",\"author\":{\"@id\":\"https:\/\/bledniak-avocat.com\/pl\/#\/schema\/person\/5d60a6232a753959aa3f9227755b6990\"},\"breadcrumb\":{\"@id\":\"https:\/\/bledniak-avocat.com\/de\/rechtssicher-in-frankreich-agieren\/#breadcrumb\"},\"inLanguage\":\"de\",\"potentialAction\":[{\"@type\":\"ReadAction\",\"target\":[\"https:\/\/bledniak-avocat.com\/de\/rechtssicher-in-frankreich-agieren\/\"]}]},{\"@type\":\"BreadcrumbList\",\"@id\":\"https:\/\/bledniak-avocat.com\/de\/rechtssicher-in-frankreich-agieren\/#breadcrumb\",\"itemListElement\":[{\"@type\":\"ListItem\",\"position\":1,\"name\":\"Strona g\u0142\u00f3wna\",\"item\":\"https:\/\/bledniak-avocat.com\/de\/\"},{\"@type\":\"ListItem\",\"position\":2,\"name\":\"Rechtssicher in Frankreich agieren\"}]},{\"@type\":\"Person\",\"@id\":\"https:\/\/bledniak-avocat.com\/pl\/#\/schema\/person\/5d60a6232a753959aa3f9227755b6990\",\"name\":\"Marta Bledniak\",\"url\":\"https:\/\/bledniak-avocat.com\/de\/author\/marta-bledniak\/\"}]}<\/script>\n<!-- \/ Yoast SEO plugin. -->","yoast_head_json":{"title":"Arbeitszeit, Besch\u00e4ftigung, Verg\u00fctung und Tarifvertr\u00e4ge in Frankreich \u2013 Kauf eines Unternehmens, K\u00fcndigung eines Arbeitnehmers, Wirtschaftsprozess, Handelsvertreter in Frankreich","robots":{"index":"index","follow":"follow","max-snippet":"max-snippet:-1","max-image-preview":"max-image-preview:large","max-video-preview":"max-video-preview:-1"},"canonical":"https:\/\/bledniak-avocat.com\/de\/rechtssicher-in-frankreich-agieren\/","twitter_misc":{"Verfasst von":"Marta Bledniak","Gesch\u00e4tzte Lesezeit":"4\u00a0Minuten"},"schema":{"@context":"https:\/\/schema.org","@graph":[{"@type":"WebSite","@id":"https:\/\/bledniak-avocat.com\/pl\/#website","url":"https:\/\/bledniak-avocat.com\/pl\/","name":"Bledniak Avocat","description":"","potentialAction":[{"@type":"SearchAction","target":{"@type":"EntryPoint","urlTemplate":"https:\/\/bledniak-avocat.com\/pl\/?s={search_term_string}"},"query-input":"required name=search_term_string"}],"inLanguage":"de"},{"@type":"WebPage","@id":"https:\/\/bledniak-avocat.com\/de\/rechtssicher-in-frankreich-agieren\/#webpage","url":"https:\/\/bledniak-avocat.com\/de\/rechtssicher-in-frankreich-agieren\/","name":"Arbeitszeit, Besch\u00e4ftigung, Verg\u00fctung und Tarifvertr\u00e4ge in Frankreich \u2013 Kauf eines Unternehmens, K\u00fcndigung eines Arbeitnehmers, Wirtschaftsprozess, Handelsvertreter in Frankreich","isPartOf":{"@id":"https:\/\/bledniak-avocat.com\/pl\/#website"},"datePublished":"2026-02-11T14:22:09+00:00","dateModified":"2026-02-12T11:37:56+00:00","author":{"@id":"https:\/\/bledniak-avocat.com\/pl\/#\/schema\/person\/5d60a6232a753959aa3f9227755b6990"},"breadcrumb":{"@id":"https:\/\/bledniak-avocat.com\/de\/rechtssicher-in-frankreich-agieren\/#breadcrumb"},"inLanguage":"de","potentialAction":[{"@type":"ReadAction","target":["https:\/\/bledniak-avocat.com\/de\/rechtssicher-in-frankreich-agieren\/"]}]},{"@type":"BreadcrumbList","@id":"https:\/\/bledniak-avocat.com\/de\/rechtssicher-in-frankreich-agieren\/#breadcrumb","itemListElement":[{"@type":"ListItem","position":1,"name":"Strona g\u0142\u00f3wna","item":"https:\/\/bledniak-avocat.com\/de\/"},{"@type":"ListItem","position":2,"name":"Rechtssicher in Frankreich agieren"}]},{"@type":"Person","@id":"https:\/\/bledniak-avocat.com\/pl\/#\/schema\/person\/5d60a6232a753959aa3f9227755b6990","name":"Marta Bledniak","url":"https:\/\/bledniak-avocat.com\/de\/author\/marta-bledniak\/"}]}},"_links":{"self":[{"href":"https:\/\/bledniak-avocat.com\/de\/wp-json\/wp\/v2\/posts\/3283"}],"collection":[{"href":"https:\/\/bledniak-avocat.com\/de\/wp-json\/wp\/v2\/posts"}],"about":[{"href":"https:\/\/bledniak-avocat.com\/de\/wp-json\/wp\/v2\/types\/post"}],"author":[{"embeddable":true,"href":"https:\/\/bledniak-avocat.com\/de\/wp-json\/wp\/v2\/users\/4"}],"replies":[{"embeddable":true,"href":"https:\/\/bledniak-avocat.com\/de\/wp-json\/wp\/v2\/comments?post=3283"}],"version-history":[{"count":1,"href":"https:\/\/bledniak-avocat.com\/de\/wp-json\/wp\/v2\/posts\/3283\/revisions"}],"predecessor-version":[{"id":3284,"href":"https:\/\/bledniak-avocat.com\/de\/wp-json\/wp\/v2\/posts\/3283\/revisions\/3284"}],"wp:attachment":[{"href":"https:\/\/bledniak-avocat.com\/de\/wp-json\/wp\/v2\/media?parent=3283"}],"wp:term":[{"taxonomy":"category","embeddable":true,"href":"https:\/\/bledniak-avocat.com\/de\/wp-json\/wp\/v2\/categories?post=3283"},{"taxonomy":"post_tag","embeddable":true,"href":"https:\/\/bledniak-avocat.com\/de\/wp-json\/wp\/v2\/tags?post=3283"}],"curies":[{"name":"wp","href":"https:\/\/api.w.org\/{rel}","templated":true}]}}